{"id":1956,"date":"2014-10-05T21:19:39","date_gmt":"2014-10-05T21:19:39","guid":{"rendered":"http:\/\/www.ena.edu.ar\/wp\/?p=1956"},"modified":"2014-10-05T21:19:39","modified_gmt":"2014-10-05T21:19:39","slug":"viaje-educativo-3","status":"publish","type":"post","link":"https:\/\/www.ena.edu.ar\/wp\/viaje-educativo-3\/","title":{"rendered":"Viaje Educativo"},"content":{"rendered":"<p style=\"text-align: justify;\">El d\u00eda mi\u00e9rcoles 24 de septiembre se realiz\u00f3 el viaje educativo con los alumnos de 3er a\u00f1o.Se visit\u00f3 la Central Nuclear Embalse, y en la Ciudad de Alta Gracia: la Casa Museo del Che Guevara y el Museo Nacional Estancia Jesu\u00edtica de Alta Gracia y Casa del Virrey Liniers. Felicitaciones a los alumnos por su excelente comportamiento.<\/p>\n<p style=\"text-align: justify;\"><a href=\"http:\/\/www.ena.edu.ar\/wp\/wp-content\/uploads\/2014\/10\/10717805_952184564798193_1373641233_n.jpg\"><img loading=\"lazy\" decoding=\"async\" class=\"aligncenter size-medium wp-image-1959 colorbox-1956\" src=\"http:\/\/www.ena.edu.ar\/wp\/wp-content\/uploads\/2014\/10\/10717805_952184564798193_1373641233_n-300x201.jpg\" alt=\"10717805_952184564798193_1373641233_n\" width=\"300\" height=\"201\" srcset=\"https:\/\/www.ena.edu.ar\/wp\/wp-content\/uploads\/2014\/10\/10717805_952184564798193_1373641233_n-300x201.jpg 300w, https:\/\/www.ena.edu.ar\/wp\/wp-content\/uploads\/2014\/10\/10717805_952184564798193_1373641233_n-624x418.jpg 624w, https:\/\/www.ena.edu.ar\/wp\/wp-content\/uploads\/2014\/10\/10717805_952184564798193_1373641233_n.jpg 773w\" sizes=\"(max-width: 300px) 100vw, 300px\" \/><\/a><a href=\"http:\/\/www.ena.edu.ar\/wp\/wp-content\/uploads\/2014\/10\/10717675_952184588131524_1571940016_n.jpg\"><img loading=\"lazy\" decoding=\"async\" class=\"alignleft wp-image-1958 size-thumbnail colorbox-1956\" src=\"http:\/\/www.ena.edu.ar\/wp\/wp-content\/uploads\/2014\/10\/10717675_952184588131524_1571940016_n-150x150.jpg\" alt=\"10717675_952184588131524_1571940016_n\" width=\"150\" height=\"150\" \/><\/a> <a href=\"http:\/\/www.ena.edu.ar\/wp\/wp-content\/uploads\/2014\/10\/974693_952194228130560_1233538561_n.jpg\"><img loading=\"lazy\" decoding=\"async\" class=\"alignright wp-image-1957 size-thumbnail colorbox-1956\" src=\"http:\/\/www.ena.edu.ar\/wp\/wp-content\/uploads\/2014\/10\/974693_952194228130560_1233538561_n-150x150.jpg\" alt=\"974693_952194228130560_1233538561_n\" width=\"150\" height=\"150\" \/><\/a><\/p>\n","protected":false},"excerpt":{"rendered":"<p>El d\u00eda mi\u00e9rcoles 24 de septiembre se realiz\u00f3 el viaje educativo con los alumnos de 3er a\u00f1o.Se visit\u00f3 la Central&hellip;<\/p>\n","protected":false},"author":4,"featured_media":0,"comment_status":"open","ping_status":"open","sticky":false,"template":"","format":"standard","meta":{"footnotes":""},"categories":[4],"tags":[],"_links":{"self":[{"href":"https:\/\/www.ena.edu.ar\/wp\/wp-json\/wp\/v2\/posts\/1956"}],"collection":[{"href":"https:\/\/www.ena.edu.ar\/wp\/wp-json\/wp\/v2\/posts"}],"about":[{"href":"https:\/\/www.ena.edu.ar\/wp\/wp-json\/wp\/v2\/types\/post"}],"author":[{"embeddable":true,"href":"https:\/\/www.ena.edu.ar\/wp\/wp-json\/wp\/v2\/users\/4"}],"replies":[{"embeddable":true,"href":"https:\/\/www.ena.edu.ar\/wp\/wp-json\/wp\/v2\/comments?post=1956"}],"version-history":[{"count":1,"href":"https:\/\/www.ena.edu.ar\/wp\/wp-json\/wp\/v2\/posts\/1956\/revisions"}],"predecessor-version":[{"id":1960,"href":"https:\/\/www.ena.edu.ar\/wp\/wp-json\/wp\/v2\/posts\/1956\/revisions\/1960"}],"wp:attachment":[{"href":"https:\/\/www.ena.edu.ar\/wp\/wp-json\/wp\/v2\/media?parent=1956"}],"wp:term":[{"taxonomy":"category","embeddable":true,"href":"https:\/\/www.ena.edu.ar\/wp\/wp-json\/wp\/v2\/categories?post=1956"},{"taxonomy":"post_tag","embeddable":true,"href":"https:\/\/www.ena.edu.ar\/wp\/wp-json\/wp\/v2\/tags?post=1956"}],"curies":[{"name":"wp","href":"https:\/\/api.w.org\/{rel}","templated":true}]}}