{"id":254,"date":"2009-07-04T13:35:54","date_gmt":"2009-07-04T16:35:54","guid":{"rendered":"http:\/\/www.ena.edu.ar\/wp\/?p=254"},"modified":"2009-07-04T13:35:54","modified_gmt":"2009-07-04T16:35:54","slug":"prolongacion-del-receso-invernal","status":"publish","type":"post","link":"https:\/\/www.ena.edu.ar\/wp\/prolongacion-del-receso-invernal\/","title":{"rendered":"Prolongaci\u00f3n del Receso Invernal."},"content":{"rendered":"<p>En referencia a la gripe (tipo A-H1-N1) y otras infecciones respiratorias, el Ministerio de Educaci\u00f3n conjuntamente con el de Salud ha realizado una evaluaci\u00f3n del momento epidemiol\u00f3gico actual y atendiendo a la previsi\u00f3n\u00a0 del incremento de la incidencia a mediado de julio, como medida de acompa\u00f1amiento sanitario a esta situaci\u00f3n resuelve:<br \/>\n\u00a0<br \/>\n\u00ab<strong>Extender el receso escolar que inicia el 6 de Julio de 2009, por una semana, por lo tanto, el reinicio de las actividades escolares ser\u00e1 el lunes 27 de julio del corriente a\u00f1o\u00bb<\/strong><\/p>\n","protected":false},"excerpt":{"rendered":"<p>En referencia a la gripe (tipo A-H1-N1) y otras infecciones respiratorias, el Ministerio de Educaci\u00f3n conjuntamente con el de Salud&hellip;<\/p>\n","protected":false},"author":4,"featured_media":0,"comment_status":"closed","ping_status":"open","sticky":false,"template":"","format":"standard","meta":{"footnotes":""},"categories":[4],"tags":[],"_links":{"self":[{"href":"https:\/\/www.ena.edu.ar\/wp\/wp-json\/wp\/v2\/posts\/254"}],"collection":[{"href":"https:\/\/www.ena.edu.ar\/wp\/wp-json\/wp\/v2\/posts"}],"about":[{"href":"https:\/\/www.ena.edu.ar\/wp\/wp-json\/wp\/v2\/types\/post"}],"author":[{"embeddable":true,"href":"https:\/\/www.ena.edu.ar\/wp\/wp-json\/wp\/v2\/users\/4"}],"replies":[{"embeddable":true,"href":"https:\/\/www.ena.edu.ar\/wp\/wp-json\/wp\/v2\/comments?post=254"}],"version-history":[{"count":0,"href":"https:\/\/www.ena.edu.ar\/wp\/wp-json\/wp\/v2\/posts\/254\/revisions"}],"wp:attachment":[{"href":"https:\/\/www.ena.edu.ar\/wp\/wp-json\/wp\/v2\/media?parent=254"}],"wp:term":[{"taxonomy":"category","embeddable":true,"href":"https:\/\/www.ena.edu.ar\/wp\/wp-json\/wp\/v2\/categories?post=254"},{"taxonomy":"post_tag","embeddable":true,"href":"https:\/\/www.ena.edu.ar\/wp\/wp-json\/wp\/v2\/tags?post=254"}],"curies":[{"name":"wp","href":"https:\/\/api.w.org\/{rel}","templated":true}]}}