{"id":821,"date":"2010-12-14T13:04:14","date_gmt":"2010-12-14T16:04:14","guid":{"rendered":"http:\/\/www.ena.edu.ar\/wp\/?p=821"},"modified":"2010-12-14T13:04:14","modified_gmt":"2010-12-14T16:04:14","slug":"trato-por-un-buen-trato","status":"publish","type":"post","link":"https:\/\/www.ena.edu.ar\/wp\/trato-por-un-buen-trato\/","title":{"rendered":"TRATO POR UN BUEN TRATO"},"content":{"rendered":"<p>Los alumnos Miguelina Britos, Ivon Vaira, Marcelo Mattio y Micaela Soriano acompa\u00f1ados por la Psicopedagoga Lic. M\u00f3nica Le Roux\u00a0 participaron durante el corriente a\u00f1o, conjuntamente con otras entidades y escuelas de nivel medio de Bell Ville, en el Programa: \u201cUN TRATO POR UN BUEN TRATO\u201d cuyo objetivo es el de reflotar el buen trato y las buenas costumbres entre los integrantes de nuestra comunidad.<a href=\"http:\/\/www.ena.edu.ar\/wp\/wp-content\/uploads\/DSC03370-.jpg\"><img loading=\"lazy\" decoding=\"async\" class=\"alignright size-thumbnail wp-image-822 colorbox-821\" title=\"DSC03370 []\" src=\"http:\/\/www.ena.edu.ar\/wp\/wp-content\/uploads\/DSC03370--150x150.jpg\" alt=\"\" width=\"150\" height=\"150\" \/><\/a><\/p>\n<p>Para llevar a cabo el mismo, los alumnos fueron capacitados en cuatro encuentro, conformando as\u00ed el grupo de referencia, los cuales transfirieron sus experiencias al resto del alumnado.<\/p>\n<p><a href=\"http:\/\/www.ena.edu.ar\/wp\/wp-content\/uploads\/DSC03390-.jpg\"><img loading=\"lazy\" decoding=\"async\" class=\"alignleft size-thumbnail wp-image-823 colorbox-821\" title=\"DSC03390 []\" src=\"http:\/\/www.ena.edu.ar\/wp\/wp-content\/uploads\/DSC03390--150x150.jpg\" alt=\"\" width=\"150\" height=\"150\" \/><\/a><\/p>\n<p>El d\u00eda 25 de Noviembre se inici\u00f3 la simb\u00f3lica colocaci\u00f3n de la \u201cvacuna\u201d contra el mal trato. Los objetivos de la campa\u00f1a son principalmente sensibilizar a la sociedad frente a las situaciones de violencia cotidiana que sufren ni\u00f1os y adolescentes; incentivarlos para que sean promotores de actitudes y conductas respetuosas; a la vez que visibilizar los temas del maltrato y las relaciones inequitativas.<a href=\"http:\/\/www.ena.edu.ar\/wp\/wp-content\/uploads\/DSC03407-.jpg\"><img loading=\"lazy\" decoding=\"async\" class=\"size-thumbnail wp-image-824 alignright colorbox-821\" title=\"DSC03407 []\" src=\"http:\/\/www.ena.edu.ar\/wp\/wp-content\/uploads\/DSC03407--150x150.jpg\" alt=\"\" width=\"150\" height=\"150\" \/><\/a><\/p>\n<p>Dicha vacunaci\u00f3n\u00a0 fue declarada de Inter\u00e9s legislativo Resoluci\u00f3n N\u00ba 423\/2010 por el Consejo Deliberante de Nuestra Ciudad<\/p>\n<p>Despu\u00e9s de esta primera campa\u00f1a de vacunaci\u00f3n, la Mesa de Trabajo manifest\u00f3 su deseo de continuar trabajando el a\u00f1o pr\u00f3ximo para sumar a las dem\u00e1s escuelas, incluida la propuesta de sumar a ni\u00f1os de nivel primario.<\/p>\n<p>Ver m\u00e1s fotos en Galer\u00eda de im\u00e1genes<\/p>\n","protected":false},"excerpt":{"rendered":"<p>Los alumnos Miguelina Britos, Ivon Vaira, Marcelo Mattio y Micaela Soriano acompa\u00f1ados por la Psicopedagoga Lic. M\u00f3nica Le Roux\u00a0 participaron&hellip;<\/p>\n","protected":false},"author":4,"featured_media":0,"comment_status":"closed","ping_status":"open","sticky":false,"template":"","format":"standard","meta":{"footnotes":""},"categories":[3,4],"tags":[],"_links":{"self":[{"href":"https:\/\/www.ena.edu.ar\/wp\/wp-json\/wp\/v2\/posts\/821"}],"collection":[{"href":"https:\/\/www.ena.edu.ar\/wp\/wp-json\/wp\/v2\/posts"}],"about":[{"href":"https:\/\/www.ena.edu.ar\/wp\/wp-json\/wp\/v2\/types\/post"}],"author":[{"embeddable":true,"href":"https:\/\/www.ena.edu.ar\/wp\/wp-json\/wp\/v2\/users\/4"}],"replies":[{"embeddable":true,"href":"https:\/\/www.ena.edu.ar\/wp\/wp-json\/wp\/v2\/comments?post=821"}],"version-history":[{"count":0,"href":"https:\/\/www.ena.edu.ar\/wp\/wp-json\/wp\/v2\/posts\/821\/revisions"}],"wp:attachment":[{"href":"https:\/\/www.ena.edu.ar\/wp\/wp-json\/wp\/v2\/media?parent=821"}],"wp:term":[{"taxonomy":"category","embeddable":true,"href":"https:\/\/www.ena.edu.ar\/wp\/wp-json\/wp\/v2\/categories?post=821"},{"taxonomy":"post_tag","embeddable":true,"href":"https:\/\/www.ena.edu.ar\/wp\/wp-json\/wp\/v2\/tags?post=821"}],"curies":[{"name":"wp","href":"https:\/\/api.w.org\/{rel}","templated":true}]}}